[{"@context":"https:\/\/schema.org\/","@type":"Article","@id":"https:\/\/www.jkos.cz\/kde-si-sehnat-firemni-sidlo\/#Article","mainEntityOfPage":"https:\/\/www.jkos.cz\/kde-si-sehnat-firemni-sidlo\/","headline":"Kde si sehnat firemn\u00ed s\u00eddlo?","name":"Kde si sehnat firemn\u00ed s\u00eddlo?","description":"Kdy\u017e u\u017e se \u010dlov\u011bk rozhodne pustit do podnik\u00e1n\u00ed, m\u00edv\u00e1 to t\u011b\u017ek\u00e9. Mus\u00ed m\u00edt co nab\u00eddnout,","datePublished":"2023-04-17","dateModified":"2023-04-17","author":{"@type":"Person","@id":"https:\/\/www.jkos.cz\/author\/#Person","name":"","url":"https:\/\/www.jkos.cz\/author\/","identifier":1,"image":{"@type":"ImageObject","@id":"https:\/\/secure.gravatar.com\/avatar\/93f351f97d5e20a41105810347d62b8b573eebe9313df1f71432877ed17f5f1a?s=96&d=mm&r=g","url":"https:\/\/secure.gravatar.com\/avatar\/93f351f97d5e20a41105810347d62b8b573eebe9313df1f71432877ed17f5f1a?s=96&d=mm&r=g","height":96,"width":96}},"publisher":{"@type":"Organization","name":"jkos.cz","logo":{"@type":"ImageObject","@id":"\/logo.png","url":"\/logo.png","width":600,"height":60}},"image":{"@type":"ImageObject","@id":"https:\/\/www.jkos.cz\/wp-content\/uploads\/k_2.jpg","url":"https:\/\/www.jkos.cz\/wp-content\/uploads\/k_2.jpg","height":0,"width":0},"url":"https:\/\/www.jkos.cz\/kde-si-sehnat-firemni-sidlo\/","about":["Web"],"wordCount":413,"articleBody":"   Kdy\u017e u\u017e se \u010dlov\u011bk rozhodne pustit do podnik\u00e1n\u00ed, m\u00edv\u00e1 to t\u011b\u017ek\u00e9. Mus\u00ed m\u00edt co nab\u00eddnout, mus\u00ed m\u00edt podm\u00ednky pro v\u00fdkon zam\u00fd\u0161len\u00e9 \u010dinnosti, mus\u00ed si zajistit z\u00e1kazn\u00edky a \u010dasto i financov\u00e1n\u00ed a vybaven\u00ed\u2026 Je toho spousta, co takov\u00fd za\u010d\u00ednaj\u00edc\u00ed (ale \u010dasto i u\u017e n\u011bjakou dobu p\u016fsob\u00edc\u00ed) podnikatel mus\u00ed zvl\u00e1dat zajistit. A po celou dobu jeho podnik\u00e1n\u00ed, od prvopo\u010d\u00e1tk\u016f a\u017e do definitivn\u00edho konce, mus\u00ed m\u00edt doty\u010dn\u00fd krom\u011b jin\u00e9ho i sv\u00e9 firemn\u00ed s\u00eddlo. Bez toho toti\u017e \u00fa\u0159edn\u011b a ani fakticky \u017e\u00e1dn\u00e1 firma nevznikne, bez toho se ned\u00e1 podnik\u00e1n\u00ed ani rozjet, ani provozovat.Jen\u017ee co to je takov\u00e9 firemn\u00ed s\u00eddlo? Jestli si mysl\u00edte, \u017ee je o jenom n\u011bjak\u00e1 budova \u010di m\u00edstnost, na kter\u00e9 zase a\u017e tak moc nesejde, \u017eijete v bludu. Firemn\u00ed s\u00eddlo sice budova nebo kancel\u00e1\u0159 je, ale rozhodn\u011b by nem\u011blo j\u00edt jenom tak o n\u011bco. Proto\u017ee to nejen pln\u00ed funkci kontaktn\u00edho m\u00edsta, ale jde i o objekt, kter\u00fd reprezentuje. Tedy m\u011bl by reprezentovat.A pr\u00e1v\u011b s t\u00edm m\u016f\u017ee b\u00fdt spousta probl\u00e9m\u016f. Zat\u00edmco si lze vybrat za firemn\u00ed s\u00eddlo skoro cokoliv, sehnat n\u011bco, co by d\u016fstojn\u011b vypadalo a sou\u010dasn\u011b to nebylo nezvladateln\u011b drah\u00e9, b\u00fdv\u00e1 \u010dasto probl\u00e9m.Velk\u00e9 a bohat\u00e9 firmy si klidn\u011b po\u0159\u00edd\u00ed n\u011bjak\u00fd pal\u00e1c. Ty na to maj\u00ed. Ale co oby\u010dejn\u00ed podnikatel\u00e9? Ti jsou na tom h\u016f\u0159. Ti by pot\u0159ebovali n\u011bco honosn\u00e9ho a p\u0159itom levn\u00e9ho, pro jejich kapsu n\u011bco luxusn\u00ed \u010dasto nen\u00ed. A \u017ee se za m\u00e1lo pen\u011bz ned\u00e1 firemn\u00ed s\u00eddlo sehnat, proto\u017ee jsou nemovitosti v\u0161eobecn\u011b p\u0159\u00edli\u0161 drah\u00e9? To je i nen\u00ed pravda.Kdo by si cht\u011bl ide\u00e1ln\u00ed firemn\u00ed s\u00eddlo koupit, ten se pochopiteln\u011b nedoplat\u00ed, ale u n\u011b\u010deho jako je virtu\u00e1ln\u00ed s\u00eddlo firmy Praha cena nen\u00ed \u017e\u00e1dnou katastrofou. Proto\u017ee to si nikdo z podnikatel\u016f nekupuje, tady plat\u00ed pouze za mo\u017enost m\u00edt tu adresu a vyu\u017e\u00edvat ur\u010dit\u00fd okruh nab\u00edzej\u00edc\u00edch se slu\u017eeb. A to nikoho nezruinuje.Tak\u017ee chce-li n\u011bkdo podnikat a nem\u00e1 sv\u00e9 s\u00eddlo, nem\u011bl by s virtu\u00e1ln\u00edm s\u00eddlem firmy v\u00e1hat. Tak z\u00edsk\u00e1 d\u016fle\u017eit\u00e9 reprezentativn\u00ed m\u00edsto za minimum pen\u011bz.                                                                                                                                                                                                                                                                                                                                                                                          4.5\/5 - (2 votes)        "},{"@context":"https:\/\/schema.org\/","@type":"BreadcrumbList","itemListElement":[{"@type":"ListItem","position":1,"name":"Kde si sehnat firemn\u00ed s\u00eddlo?","item":"https:\/\/www.jkos.cz\/kde-si-sehnat-firemni-sidlo\/#breadcrumbitem"}]}]