[{"@context":"https:\/\/schema.org\/","@type":"Article","@id":"https:\/\/www.jkos.cz\/kdy-se-hodi-clenka-craft\/#Article","mainEntityOfPage":"https:\/\/www.jkos.cz\/kdy-se-hodi-clenka-craft\/","headline":"Kdy se hod\u00ed \u010dlenka Craft","name":"Kdy se hod\u00ed \u010dlenka Craft","description":"Faktem je, \u017ee mnoho lid\u00ed \u010delenky b\u011b\u017en\u011b nenos\u00ed. Sta\u010d\u00ed se jen proj\u00edt po ulici a","datePublished":"2020-01-16","dateModified":"2023-05-03","author":{"@type":"Person","@id":"https:\/\/www.jkos.cz\/author\/#Person","name":"","url":"https:\/\/www.jkos.cz\/author\/","identifier":1,"image":{"@type":"ImageObject","@id":"https:\/\/secure.gravatar.com\/avatar\/93f351f97d5e20a41105810347d62b8b573eebe9313df1f71432877ed17f5f1a?s=96&d=mm&r=g","url":"https:\/\/secure.gravatar.com\/avatar\/93f351f97d5e20a41105810347d62b8b573eebe9313df1f71432877ed17f5f1a?s=96&d=mm&r=g","height":96,"width":96}},"publisher":{"@type":"Organization","name":"jkos.cz","logo":{"@type":"ImageObject","@id":"\/logo.png","url":"\/logo.png","width":600,"height":60}},"image":{"@type":"ImageObject","@id":"https:\/\/www.jkos.cz\/wp-content\/uploads\/img_a373643_w1932_t1585127683.jpg","url":"https:\/\/www.jkos.cz\/wp-content\/uploads\/img_a373643_w1932_t1585127683.jpg","height":0,"width":0},"url":"https:\/\/www.jkos.cz\/kdy-se-hodi-clenka-craft\/","about":["Zbo\u017e\u00ed"],"wordCount":450,"articleBody":"          Faktem je, \u017ee mnoho lid\u00ed \u010delenky b\u011b\u017en\u011b nenos\u00ed. Sta\u010d\u00ed se jen proj\u00edt po ulici a uvid\u00edme, \u017ee ji skute\u010dn\u011b m\u00e1 jen m\u00e1lokdo. A je to i logick\u00e9. Koneckonc\u016f tento kus od\u011bvu nen\u00ed p\u0159\u00edli\u0161 u\u017eite\u010dn\u00fd, co se zah\u0159\u00e1t\u00ed t\u00fd\u010de. V l\u00e9t\u011b p\u0159ed Sluncem neochr\u00e1n\u00ed a v zim\u011b p\u0159ed chladem tak\u00e9 ne. Nav\u00edc pro mnoho z n\u00e1s je nep\u0159\u00edjemn\u00e9 m\u00edt ji za u\u0161ima. Nen\u00ed proto divu, \u017ee je obvykle nahrazuj\u00ed \u010depice. P\u0159esto i ony maj\u00ed sv\u00e9 m\u00edsto a jsou situace, kdy je dobr\u00e9 si je vz\u00edt. Vezm\u011bme si nap\u0159\u00edklad sportovce. Je jasn\u00e9, \u017ee se hodn\u011b zpot\u00ed jak p\u0159i tr\u00e9ninku, tak p\u0159i z\u00e1vodech, p\u0159edev\u0161\u00edm na \u010dele. A v\u0161ichni v\u00edme, \u017ee pot tekouc\u00ed do o\u010d\u00ed nen\u00ed rozhodn\u011b nic p\u0159\u00edjemn\u00e9ho, zvl\u00e1\u0161\u0165 kdy\u017e se pot\u0159ebujete soust\u0159edit na sv\u016fj v\u00fdkon a rozhodn\u011b nem\u00e1te \u010das si jej st\u00edrat rukou. V takov\u00e9mto p\u0159\u00edpad\u011b poskytne velmi dobrou slu\u017ebu bavln\u011bn\u00e1 \u010delenka Craft https:\/\/www.c-store.cz\/craft\/eshop\/61-1-RUN-BEH\/823-2-DOPLNKY. Jedn\u00e1 se v podstat\u011b o pruh z vlny, bavlny \u010di jin\u00e9 pom\u011brn\u011b sav\u00e9 textilie, do kter\u00e9ho je vlo\u017eena guma. Ten se pak upevn\u00ed na \u010delo a absorbuje tak ve\u0161ker\u00fd pot, kter\u00fd te\u010de dol\u016f. Je to tradice star\u00e1 ji\u017e tis\u00edce let. Ji\u017e na star\u00fdch ilustrac\u00edch m\u016f\u017eeme vid\u011bt sportovce, ale i bojovn\u00edky, kte\u0159\u00ed maj\u00ed na \u010dele uv\u00e1z\u00e1n pruh l\u00e1tky. Co se b\u011b\u017en\u00e9ho no\u0161en\u00ed t\u00fdk\u00e1, tak zde vedou d\u011bti, a to p\u0159edev\u0161\u00edm hol\u010di\u010dky. Zde se pou\u017e\u00edv\u00e1 k tomu, aby se zabr\u00e1nilo dlouh\u00fdm vlas\u016fm padat do o\u010d\u00ed. Zde je nutn\u00e9 poznamenat, \u017ee to \u010dasto nen\u00ed nejlep\u0161\u00ed n\u00e1pad. M\u00e1lokdy se toti\u017e povede p\u0159esn\u011b trefit nutnou velikost, pokud ji tedy v\u016fbec maj\u00ed. Nav\u00edc se p\u0159\u00edli\u0161 nebere v \u00favahu, \u017ee d\u011btsk\u00e1 hlava roste a zv\u011bt\u0161uje se a je tedy nutn\u00e9 \u010delenku pravideln\u011b m\u011bnit za v\u011bt\u0161\u00ed. Nav\u00edc mnoh\u00e9 nejsou ze zrovna p\u0159\u00edjemn\u00e9ho materi\u00e1lu a krom\u011b toho, \u017ee tla\u010d\u00ed hlavu, z\u00e1rove\u0148 i \u0161kr\u00e1bou a po\u0161kozuj\u00ed k\u016f\u017ei za u\u0161ima. Kde ji tedy m\u016f\u017eeme nosit? P\u0159i r\u016fzn\u00fdch slavnostn\u00edch p\u0159\u00edle\u017eitostech, nap\u0159\u00edklad pokud jste nev\u011bsta \u010di dru\u017ei\u010dka na svatb\u011b, nebo pokud jdete nap\u0159\u00edklad na ples nebo podobnou oslavu. V\u017edy je v\u0161ak nutn\u00e9 vybrat takovou, kter\u00e1 bude zbytek va\u0161eho od\u011bvu vhodn\u011b dopl\u0148ovat.                                                                                                                                                                                                                                                                                                                                                                                          4.6\/5 - (10 votes)        "},{"@context":"https:\/\/schema.org\/","@type":"BreadcrumbList","itemListElement":[{"@type":"ListItem","position":1,"name":"Kdy se hod\u00ed \u010dlenka Craft","item":"https:\/\/www.jkos.cz\/kdy-se-hodi-clenka-craft\/#breadcrumbitem"}]}]