[{"@context":"https:\/\/schema.org\/","@type":"Article","@id":"https:\/\/www.jkos.cz\/mit-dite-pozde\/#Article","mainEntityOfPage":"https:\/\/www.jkos.cz\/mit-dite-pozde\/","headline":"M\u00edt d\u00edt\u011b pozd\u011b?","name":"M\u00edt d\u00edt\u011b pozd\u011b?","description":"N\u011bjak jsem si v\u0161imla, \u017ee v posledn\u00ed dob\u011b \u017eeny necht\u011bj\u00ed m\u00edt v\u016fbec d\u011bti, proto\u017ee takhle","datePublished":"2024-09-30","dateModified":"2024-09-30","author":{"@type":"Person","@id":"https:\/\/www.jkos.cz\/author\/#Person","name":"","url":"https:\/\/www.jkos.cz\/author\/","identifier":1,"image":{"@type":"ImageObject","@id":"https:\/\/secure.gravatar.com\/avatar\/93f351f97d5e20a41105810347d62b8b573eebe9313df1f71432877ed17f5f1a?s=96&d=mm&r=g","url":"https:\/\/secure.gravatar.com\/avatar\/93f351f97d5e20a41105810347d62b8b573eebe9313df1f71432877ed17f5f1a?s=96&d=mm&r=g","height":96,"width":96}},"publisher":{"@type":"Organization","name":"jkos.cz","logo":{"@type":"ImageObject","@id":"\/logo.png","url":"\/logo.png","width":600,"height":60}},"image":{"@type":"ImageObject","@id":"https:\/\/www.jkos.cz\/wp-content\/uploads\/baby-2935722_1280_1.jpg","url":"https:\/\/www.jkos.cz\/wp-content\/uploads\/baby-2935722_1280_1.jpg","height":0,"width":0},"url":"https:\/\/www.jkos.cz\/mit-dite-pozde\/","about":["D\u011bti\r"],"wordCount":445,"articleBody":"N\u011bjak jsem si v\u0161imla, \u017ee v posledn\u00ed dob\u011b \u017eeny necht\u011bj\u00ed m\u00edt v\u016fbec d\u011bti, proto\u017ee takhle v okol\u00ed sl\u00fdch\u00e1m, \u017ee v\u011bt\u0161inou mu\u017ei cht\u011bj\u00ed m\u00edt d\u011bti a jejich partnerky\u00a0ty d\u011bti m\u00edt necht\u011bj\u00ed. V\u016fbec nev\u00edm, \u010d\u00edm to je, proto\u00a0jsem si \u0159ekla, \u017ee nejlep\u0161\u00ed by bylo, kdybych si t\u0159eba ud\u011blala n\u011bjak\u00fd mal\u00fd pr\u016fzkum. Proto jsem na internet na svou soci\u00e1ln\u00ed s\u00ed\u0165 na Facebook dala takovou ot\u00e1zku. Pro\u010d \u017eeny necht\u011bj\u00ed m\u00edt v dne\u0161n\u00ed dob\u011b d\u011bti. Proto\u017ee m\u00e1m kamar\u00e1dky, kter\u00fdm je nad t\u0159icet\u00a0let a v\u016fbec nemaj\u00ed \u017e\u00e1dn\u00e9 d\u011bti a pr\u00fd je ani nepl\u00e1nuj\u00ed anebo je nepl\u00e1nuj\u00ed v bl\u00edzk\u00e9 budoucnosti anebo je v\u016fbec necht\u011bj\u00ed.\u00a0A tak jejich partne\u0159i se s nimi rozch\u00e1zej\u00ed a rozch\u00e1zej\u00ed a v\u016fbec nev\u00ed, co bude d\u00e1l. Ale abych se p\u0159iznala, tak j\u00e1 jsem taky vlastn\u011b nikdy v\u016fbec necht\u011bla m\u00edt \u017e\u00e1dn\u00e9 d\u00edt\u011b, ale m\u00e1m jedno d\u00edt\u011b, m\u00e1m syna, ale \u0159ekla jsem si, \u017ee kdy\u017e u\u017e mi je t\u0159icet\u00a0let, \u017ee\u00a0bych tak\u00e9 mohla si po\u0159\u00eddit d\u00edt\u011b, i kdy\u017e jsem ho necht\u011bla, ale pak jsem si \u0159ekla, \u017ee do budoucna bych t\u0159eba toho litovala, \u017ee v\u016fbec nem\u00e1m \u017e\u00e1dn\u00e9 d\u00edt\u011b. T\u0159eba bych si v p\u011bta\u010dty\u0159iceti letech uv\u011bdomila, \u017ee je vlastn\u011b prima, kdybych m\u011bla d\u00edt\u011b a ve \u010dty\u0159iceti\u00a0letech u\u017e bych asi \u017e\u00e1dn\u00e9 d\u00edt\u011b necht\u011bla, proto\u017ee to mi potom za chvilku bude pades\u00e1t. D\u00edt\u011bti by bylo p\u011bt\u00a0let a v\u016fbec bych si toho nedok\u00e1zala p\u0159edstavit, jak bych to potom v\u0161echno zvl\u00e1dal. Na star\u00e1 kolena d\u011bti m\u00edt rozhodn\u011b nechci. Moje maminka m\u011bla d\u00edt\u011b\u00a0posledn\u00ed, kdy\u017e j\u00ed bylo p\u011bta\u010dty\u0159icet let a docela to byl opravdu velk\u00fd z\u00e1hul, tedy alespo\u0148 takhle mi to \u0159\u00edkala. Ona sama \u0159ekla, \u017ee kdyby v\u011bd\u011bla, jak to bude n\u00e1ro\u010dn\u00e9, \u017ee asi tahle posledn\u00ed d\u00edt\u011b by si nepo\u0159izovala, proto\u017ee v pades\u00e1ti\u00a0letech m\u00edt mal\u00e9 d\u00edt\u011b, tak to pr\u00fd nen\u00ed asi \u017e\u00e1dn\u00fd med. J\u00e1 si mysl\u00edm to sam\u00e9, taky bych takhle necht\u011bla m\u00edt d\u00edt\u011b, proto\u00a0jsem r\u00e1da, \u017ee jsem si ud\u011blala d\u00edt\u011b zav\u010das a jsem za to opravdu r\u00e1da. A mysl\u00edm si, \u017ee by mnoho \u017een litovalo\u00a0toho, \u017ee se nepo\u0159\u00eddily\u00a0d\u00edt\u011b d\u0159\u00edv.\u00a0                                                                                                                                                                                                                                                                                                                                                                                        4.4\/5 - (10 votes)        "},{"@context":"https:\/\/schema.org\/","@type":"BreadcrumbList","itemListElement":[{"@type":"ListItem","position":1,"name":"M\u00edt d\u00edt\u011b pozd\u011b?","item":"https:\/\/www.jkos.cz\/mit-dite-pozde\/#breadcrumbitem"}]}]