[{"@context":"https:\/\/schema.org\/","@type":"Blog","@id":"https:\/\/www.jkos.cz#Blog","headline":"Jkos","description":"\nNen\u00ed v\u00e1m ve va\u0161em ka\u017edodenn\u00edm \u017eivot\u011b nejednou zrovna do zp\u011bvu? Pak ve chvilk\u00e1ch volna zav\u00edtejte na n\u00e1\u0161 web a mo\u017en\u00e1 si tu spolu padneme do noty.","url":"https:\/\/www.jkos.cz","hasPart":[{"@type":"Article","@id":"https:\/\/www.jkos.cz\/jak-spravne-provozovat-cyklistiku\/","headline":"Jak spr\u00e1vn\u011b provozovat cyklistiku?","url":"https:\/\/www.jkos.cz\/jak-spravne-provozovat-cyklistiku\/","datePublished":"2025-03-29","dateModified":"2025-03-29","mainEntityOfPage":"https:\/\/www.jkos.cz\/jak-spravne-provozovat-cyklistiku\/","author":{"@type":"Person","@id":"https:\/\/www.jkos.cz\/author\/#Person","name":"","url":"https:\/\/www.jkos.cz\/author\/","identifier":1,"image":{"@type":"ImageObject","@id":"https:\/\/secure.gravatar.com\/avatar\/93f351f97d5e20a41105810347d62b8b573eebe9313df1f71432877ed17f5f1a?s=96&d=mm&r=g","url":"https:\/\/secure.gravatar.com\/avatar\/93f351f97d5e20a41105810347d62b8b573eebe9313df1f71432877ed17f5f1a?s=96&d=mm&r=g","height":96,"width":96}},"publisher":{"@type":"Organization","name":"jkos.cz","logo":{"@type":"ImageObject","@id":"\/logo.png","url":"\/logo.png","width":600,"height":60}},"image":{"@type":"ImageObject","@id":"https:\/\/www.jkos.cz\/wp-content\/uploads\/coen-van-de-broek-il8bS69imIQ-unsplash.jpg","url":"https:\/\/www.jkos.cz\/wp-content\/uploads\/coen-van-de-broek-il8bS69imIQ-unsplash.jpg","height":0,"width":0},"wordCount":602,"keywords":null},{"@type":"Article","@id":"https:\/\/www.jkos.cz\/elektronicka-cigareta\/","headline":"Elektronick\u00e1 cigareta","url":"https:\/\/www.jkos.cz\/elektronicka-cigareta\/","datePublished":"2025-03-21","dateModified":"2025-03-21","mainEntityOfPage":"https:\/\/www.jkos.cz\/elektronicka-cigareta\/","author":{"@type":"Person","@id":"https:\/\/www.jkos.cz\/author\/#Person","name":"","url":"https:\/\/www.jkos.cz\/author\/","identifier":1,"image":{"@type":"ImageObject","@id":"https:\/\/secure.gravatar.com\/avatar\/93f351f97d5e20a41105810347d62b8b573eebe9313df1f71432877ed17f5f1a?s=96&d=mm&r=g","url":"https:\/\/secure.gravatar.com\/avatar\/93f351f97d5e20a41105810347d62b8b573eebe9313df1f71432877ed17f5f1a?s=96&d=mm&r=g","height":96,"width":96}},"publisher":{"@type":"Organization","name":"jkos.cz","logo":{"@type":"ImageObject","@id":"\/logo.png","url":"\/logo.png","width":600,"height":60}},"image":null,"wordCount":209,"keywords":null},{"@type":"Article","@id":"https:\/\/www.jkos.cz\/jsou-tu-pro-udrzovani-vaseho-fyzickeho-i-dusevniho-zdravi\/","headline":"Jsou tu pro udr\u017eov\u00e1n\u00ed va\u0161eho fyzick\u00e9ho i du\u0161evn\u00edho zdrav\u00ed","url":"https:\/\/www.jkos.cz\/jsou-tu-pro-udrzovani-vaseho-fyzickeho-i-dusevniho-zdravi\/","datePublished":"2025-03-14","dateModified":"2025-03-14","mainEntityOfPage":"https:\/\/www.jkos.cz\/jsou-tu-pro-udrzovani-vaseho-fyzickeho-i-dusevniho-zdravi\/","author":{"@type":"Person","@id":"https:\/\/www.jkos.cz\/author\/#Person","name":"","url":"https:\/\/www.jkos.cz\/author\/","identifier":1,"image":{"@type":"ImageObject","@id":"https:\/\/secure.gravatar.com\/avatar\/93f351f97d5e20a41105810347d62b8b573eebe9313df1f71432877ed17f5f1a?s=96&d=mm&r=g","url":"https:\/\/secure.gravatar.com\/avatar\/93f351f97d5e20a41105810347d62b8b573eebe9313df1f71432877ed17f5f1a?s=96&d=mm&r=g","height":96,"width":96}},"publisher":{"@type":"Organization","name":"jkos.cz","logo":{"@type":"ImageObject","@id":"\/logo.png","url":"\/logo.png","width":600,"height":60}},"image":null,"wordCount":209,"keywords":null},{"@type":"Article","@id":"https:\/\/www.jkos.cz\/lukulske-hody-vysokych-prijmu\/","headline":"Lukulsk\u00e9 hody vysok\u00fdch p\u0159\u00edjm\u016f","url":"https:\/\/www.jkos.cz\/lukulske-hody-vysokych-prijmu\/","datePublished":"2025-03-06","dateModified":"2025-03-06","mainEntityOfPage":"https:\/\/www.jkos.cz\/lukulske-hody-vysokych-prijmu\/","author":{"@type":"Person","@id":"https:\/\/www.jkos.cz\/author\/#Person","name":"","url":"https:\/\/www.jkos.cz\/author\/","identifier":1,"image":{"@type":"ImageObject","@id":"https:\/\/secure.gravatar.com\/avatar\/93f351f97d5e20a41105810347d62b8b573eebe9313df1f71432877ed17f5f1a?s=96&d=mm&r=g","url":"https:\/\/secure.gravatar.com\/avatar\/93f351f97d5e20a41105810347d62b8b573eebe9313df1f71432877ed17f5f1a?s=96&d=mm&r=g","height":96,"width":96}},"publisher":{"@type":"Organization","name":"jkos.cz","logo":{"@type":"ImageObject","@id":"\/logo.png","url":"\/logo.png","width":600,"height":60}},"image":null,"wordCount":216,"keywords":null},{"@type":"Article","@id":"https:\/\/www.jkos.cz\/v-nouzi-poznas-potkana\/","headline":"V nouzi pozn\u00e1\u0161 potkana","url":"https:\/\/www.jkos.cz\/v-nouzi-poznas-potkana\/","datePublished":"2025-03-05","dateModified":"2023-05-03","mainEntityOfPage":"https:\/\/www.jkos.cz\/v-nouzi-poznas-potkana\/","author":{"@type":"Person","@id":"https:\/\/www.jkos.cz\/author\/#Person","name":"","url":"https:\/\/www.jkos.cz\/author\/","identifier":1,"image":{"@type":"ImageObject","@id":"https:\/\/secure.gravatar.com\/avatar\/93f351f97d5e20a41105810347d62b8b573eebe9313df1f71432877ed17f5f1a?s=96&d=mm&r=g","url":"https:\/\/secure.gravatar.com\/avatar\/93f351f97d5e20a41105810347d62b8b573eebe9313df1f71432877ed17f5f1a?s=96&d=mm&r=g","height":96,"width":96}},"publisher":{"@type":"Organization","name":"jkos.cz","logo":{"@type":"ImageObject","@id":"\/logo.png","url":"\/logo.png","width":600,"height":60}},"image":{"@type":"ImageObject","@id":"https:\/\/www.jkos.cz\/wp-content\/uploads\/img_a287599_w2150_t1498150368.jpg","url":"https:\/\/www.jkos.cz\/wp-content\/uploads\/img_a287599_w2150_t1498150368.jpg","height":0,"width":0},"wordCount":524,"keywords":null},{"@type":"Article","@id":"https:\/\/www.jkos.cz\/povinna-cetba-strasak-deti\/","headline":"Povinn\u00e1 \u010detba \u2013 stra\u0161\u00e1k d\u011bt\u00ed","url":"https:\/\/www.jkos.cz\/povinna-cetba-strasak-deti\/","datePublished":"2025-03-05","dateModified":"2023-05-03","mainEntityOfPage":"https:\/\/www.jkos.cz\/povinna-cetba-strasak-deti\/","author":{"@type":"Person","@id":"https:\/\/www.jkos.cz\/author\/#Person","name":"","url":"https:\/\/www.jkos.cz\/author\/","identifier":1,"image":{"@type":"ImageObject","@id":"https:\/\/secure.gravatar.com\/avatar\/93f351f97d5e20a41105810347d62b8b573eebe9313df1f71432877ed17f5f1a?s=96&d=mm&r=g","url":"https:\/\/secure.gravatar.com\/avatar\/93f351f97d5e20a41105810347d62b8b573eebe9313df1f71432877ed17f5f1a?s=96&d=mm&r=g","height":96,"width":96}},"publisher":{"@type":"Organization","name":"jkos.cz","logo":{"@type":"ImageObject","@id":"\/logo.png","url":"\/logo.png","width":600,"height":60}},"image":{"@type":"ImageObject","@id":"https:\/\/www.jkos.cz\/wp-content\/uploads\/img_a296231_w2331_t1507399553.jpg","url":"https:\/\/www.jkos.cz\/wp-content\/uploads\/img_a296231_w2331_t1507399553.jpg","height":0,"width":0},"wordCount":529,"keywords":null},{"@type":"Article","@id":"https:\/\/www.jkos.cz\/dovolena-vasich-snu\/","headline":"Dovolen\u00e1 Va\u0161ich sn\u016f","url":"https:\/\/www.jkos.cz\/dovolena-vasich-snu\/","datePublished":"2025-03-04","dateModified":"2023-05-03","mainEntityOfPage":"https:\/\/www.jkos.cz\/dovolena-vasich-snu\/","author":{"@type":"Person","@id":"https:\/\/www.jkos.cz\/author\/#Person","name":"","url":"https:\/\/www.jkos.cz\/author\/","identifier":1,"image":{"@type":"ImageObject","@id":"https:\/\/secure.gravatar.com\/avatar\/93f351f97d5e20a41105810347d62b8b573eebe9313df1f71432877ed17f5f1a?s=96&d=mm&r=g","url":"https:\/\/secure.gravatar.com\/avatar\/93f351f97d5e20a41105810347d62b8b573eebe9313df1f71432877ed17f5f1a?s=96&d=mm&r=g","height":96,"width":96}},"publisher":{"@type":"Organization","name":"jkos.cz","logo":{"@type":"ImageObject","@id":"\/logo.png","url":"\/logo.png","width":600,"height":60}},"image":{"@type":"ImageObject","@id":"https:\/\/www.jkos.cz\/wp-content\/uploads\/img_a289806_w2151_t1501310177.jpg","url":"https:\/\/www.jkos.cz\/wp-content\/uploads\/img_a289806_w2151_t1501310177.jpg","height":0,"width":0},"wordCount":552,"keywords":null},{"@type":"Article","@id":"https:\/\/www.jkos.cz\/bmw-135i-aneb-nejen-perfektni-vykon-motoru\/","headline":"BMW 135i aneb nejen perfektn\u00ed v\u00fdkon motoru","url":"https:\/\/www.jkos.cz\/bmw-135i-aneb-nejen-perfektni-vykon-motoru\/","datePublished":"2025-03-04","dateModified":"2023-05-03","mainEntityOfPage":"https:\/\/www.jkos.cz\/bmw-135i-aneb-nejen-perfektni-vykon-motoru\/","author":{"@type":"Person","@id":"https:\/\/www.jkos.cz\/author\/#Person","name":"","url":"https:\/\/www.jkos.cz\/author\/","identifier":1,"image":{"@type":"ImageObject","@id":"https:\/\/secure.gravatar.com\/avatar\/93f351f97d5e20a41105810347d62b8b573eebe9313df1f71432877ed17f5f1a?s=96&d=mm&r=g","url":"https:\/\/secure.gravatar.com\/avatar\/93f351f97d5e20a41105810347d62b8b573eebe9313df1f71432877ed17f5f1a?s=96&d=mm&r=g","height":96,"width":96}},"publisher":{"@type":"Organization","name":"jkos.cz","logo":{"@type":"ImageObject","@id":"\/logo.png","url":"\/logo.png","width":600,"height":60}},"image":{"@type":"ImageObject","@id":"https:\/\/www.jkos.cz\/wp-content\/uploads\/img_a307791_w2205_t1519038889.jpg","url":"https:\/\/www.jkos.cz\/wp-content\/uploads\/img_a307791_w2205_t1519038889.jpg","height":0,"width":0},"wordCount":650,"keywords":null},{"@type":"Article","@id":"https:\/\/www.jkos.cz\/zadluzit-ci-nezadluzit\/","headline":"Zadlu\u017eit \u010di nezadlu\u017eit","url":"https:\/\/www.jkos.cz\/zadluzit-ci-nezadluzit\/","datePublished":"2025-03-03","dateModified":"2023-05-03","mainEntityOfPage":"https:\/\/www.jkos.cz\/zadluzit-ci-nezadluzit\/","author":{"@type":"Person","@id":"https:\/\/www.jkos.cz\/author\/#Person","name":"","url":"https:\/\/www.jkos.cz\/author\/","identifier":1,"image":{"@type":"ImageObject","@id":"https:\/\/secure.gravatar.com\/avatar\/93f351f97d5e20a41105810347d62b8b573eebe9313df1f71432877ed17f5f1a?s=96&d=mm&r=g","url":"https:\/\/secure.gravatar.com\/avatar\/93f351f97d5e20a41105810347d62b8b573eebe9313df1f71432877ed17f5f1a?s=96&d=mm&r=g","height":96,"width":96}},"publisher":{"@type":"Organization","name":"jkos.cz","logo":{"@type":"ImageObject","@id":"\/logo.png","url":"\/logo.png","width":600,"height":60}},"image":{"@type":"ImageObject","@id":"https:\/\/www.jkos.cz\/wp-content\/uploads\/img_a322802_w2355_t1534569134.jpg","url":"https:\/\/www.jkos.cz\/wp-content\/uploads\/img_a322802_w2355_t1534569134.jpg","height":0,"width":0},"wordCount":553,"keywords":null},{"@type":"Article","@id":"https:\/\/www.jkos.cz\/pod-stalym-dozorem\/","headline":"Pod st\u00e1l\u00fdm dozorem","url":"https:\/\/www.jkos.cz\/pod-stalym-dozorem\/","datePublished":"2025-03-03","dateModified":"2023-05-03","mainEntityOfPage":"https:\/\/www.jkos.cz\/pod-stalym-dozorem\/","author":{"@type":"Person","@id":"https:\/\/www.jkos.cz\/author\/#Person","name":"","url":"https:\/\/www.jkos.cz\/author\/","identifier":1,"image":{"@type":"ImageObject","@id":"https:\/\/secure.gravatar.com\/avatar\/93f351f97d5e20a41105810347d62b8b573eebe9313df1f71432877ed17f5f1a?s=96&d=mm&r=g","url":"https:\/\/secure.gravatar.com\/avatar\/93f351f97d5e20a41105810347d62b8b573eebe9313df1f71432877ed17f5f1a?s=96&d=mm&r=g","height":96,"width":96}},"publisher":{"@type":"Organization","name":"jkos.cz","logo":{"@type":"ImageObject","@id":"\/logo.png","url":"\/logo.png","width":600,"height":60}},"image":{"@type":"ImageObject","@id":"https:\/\/www.jkos.cz\/wp-content\/uploads\/img_a303219_w2087_t1513461416.jpg","url":"https:\/\/www.jkos.cz\/wp-content\/uploads\/img_a303219_w2087_t1513461416.jpg","height":0,"width":0},"wordCount":563,"keywords":null}]},{"@context":"https:\/\/schema.org","@type":"WebSite","@id":"https:\/\/www.jkos.cz\/#website","name":"Jkos","url":"https:\/\/www.jkos.cz","potentialAction":{"@type":"SearchAction","target":"https:\/\/www.jkos.cz\/?s={search_term_string}","query-input":"required name=search_term_string"}}]