[{"@context":"https:\/\/schema.org\/","@type":"Blog","@id":"https:\/\/www.jkos.cz#Blog","headline":"Jkos","description":"\nNen\u00ed v\u00e1m ve va\u0161em ka\u017edodenn\u00edm \u017eivot\u011b nejednou zrovna do zp\u011bvu? Pak ve chvilk\u00e1ch volna zav\u00edtejte na n\u00e1\u0161 web a mo\u017en\u00e1 si tu spolu padneme do noty.","url":"https:\/\/www.jkos.cz","hasPart":[{"@type":"Article","@id":"https:\/\/www.jkos.cz\/vite-ktery-prezident-je-na-petidolarovce\/","headline":"V\u00edte, kter\u00fd prezident je na p\u011btidolarovce?","url":"https:\/\/www.jkos.cz\/vite-ktery-prezident-je-na-petidolarovce\/","datePublished":"2025-03-02","dateModified":"2023-05-03","mainEntityOfPage":"https:\/\/www.jkos.cz\/vite-ktery-prezident-je-na-petidolarovce\/","author":{"@type":"Person","@id":"https:\/\/www.jkos.cz\/author\/#Person","name":"","url":"https:\/\/www.jkos.cz\/author\/","identifier":1,"image":{"@type":"ImageObject","@id":"https:\/\/secure.gravatar.com\/avatar\/93f351f97d5e20a41105810347d62b8b573eebe9313df1f71432877ed17f5f1a?s=96&d=mm&r=g","url":"https:\/\/secure.gravatar.com\/avatar\/93f351f97d5e20a41105810347d62b8b573eebe9313df1f71432877ed17f5f1a?s=96&d=mm&r=g","height":96,"width":96}},"publisher":{"@type":"Organization","name":"jkos.cz","logo":{"@type":"ImageObject","@id":"\/logo.png","url":"\/logo.png","width":600,"height":60}},"image":{"@type":"ImageObject","@id":"https:\/\/www.jkos.cz\/wp-content\/uploads\/img_a297517_w1966_t1507970559.jpg","url":"https:\/\/www.jkos.cz\/wp-content\/uploads\/img_a297517_w1966_t1507970559.jpg","height":0,"width":0},"wordCount":509,"keywords":null},{"@type":"Article","@id":"https:\/\/www.jkos.cz\/ostrava-mesto-kultury\/","headline":"Ostrava m\u011bsto kultury","url":"https:\/\/www.jkos.cz\/ostrava-mesto-kultury\/","datePublished":"2025-02-28","dateModified":"2023-05-03","mainEntityOfPage":"https:\/\/www.jkos.cz\/ostrava-mesto-kultury\/","author":{"@type":"Person","@id":"https:\/\/www.jkos.cz\/author\/#Person","name":"","url":"https:\/\/www.jkos.cz\/author\/","identifier":1,"image":{"@type":"ImageObject","@id":"https:\/\/secure.gravatar.com\/avatar\/93f351f97d5e20a41105810347d62b8b573eebe9313df1f71432877ed17f5f1a?s=96&d=mm&r=g","url":"https:\/\/secure.gravatar.com\/avatar\/93f351f97d5e20a41105810347d62b8b573eebe9313df1f71432877ed17f5f1a?s=96&d=mm&r=g","height":96,"width":96}},"publisher":{"@type":"Organization","name":"jkos.cz","logo":{"@type":"ImageObject","@id":"\/logo.png","url":"\/logo.png","width":600,"height":60}},"image":{"@type":"ImageObject","@id":"https:\/\/www.jkos.cz\/wp-content\/uploads\/img_a339606_w2581_t1552765081.jpg","url":"https:\/\/www.jkos.cz\/wp-content\/uploads\/img_a339606_w2581_t1552765081.jpg","height":0,"width":0},"wordCount":477,"keywords":null},{"@type":"Article","@id":"https:\/\/www.jkos.cz\/mate-li-potize-s-vasi-wi-fi-muze-byt-na-vine-ruseni-vysilaciho-signalu\/","headline":"M\u00e1te-li pot\u00ed\u017ee s va\u0161\u00ed Wi-Fi, m\u016f\u017ee b\u00fdt na vin\u011b ru\u0161en\u00ed vys\u00edlac\u00edho sign\u00e1lu","url":"https:\/\/www.jkos.cz\/mate-li-potize-s-vasi-wi-fi-muze-byt-na-vine-ruseni-vysilaciho-signalu\/","datePublished":"2025-02-28","dateModified":"2023-05-03","mainEntityOfPage":"https:\/\/www.jkos.cz\/mate-li-potize-s-vasi-wi-fi-muze-byt-na-vine-ruseni-vysilaciho-signalu\/","author":{"@type":"Person","@id":"https:\/\/www.jkos.cz\/author\/#Person","name":"","url":"https:\/\/www.jkos.cz\/author\/","identifier":1,"image":{"@type":"ImageObject","@id":"https:\/\/secure.gravatar.com\/avatar\/93f351f97d5e20a41105810347d62b8b573eebe9313df1f71432877ed17f5f1a?s=96&d=mm&r=g","url":"https:\/\/secure.gravatar.com\/avatar\/93f351f97d5e20a41105810347d62b8b573eebe9313df1f71432877ed17f5f1a?s=96&d=mm&r=g","height":96,"width":96}},"publisher":{"@type":"Organization","name":"jkos.cz","logo":{"@type":"ImageObject","@id":"\/logo.png","url":"\/logo.png","width":600,"height":60}},"image":{"@type":"ImageObject","@id":"https:\/\/www.jkos.cz\/wp-content\/uploads\/img_a312485_w2562_t1523390986.png","url":"https:\/\/www.jkos.cz\/wp-content\/uploads\/img_a312485_w2562_t1523390986.png","height":0,"width":0},"wordCount":536,"keywords":null},{"@type":"Article","@id":"https:\/\/www.jkos.cz\/mytus-ktery-pomlouva-zraloky\/","headline":"M\u00fdtus, kter\u00fd pomlouv\u00e1 \u017eraloky","url":"https:\/\/www.jkos.cz\/mytus-ktery-pomlouva-zraloky\/","datePublished":"2025-02-28","dateModified":"2023-05-03","mainEntityOfPage":"https:\/\/www.jkos.cz\/mytus-ktery-pomlouva-zraloky\/","author":{"@type":"Person","@id":"https:\/\/www.jkos.cz\/author\/#Person","name":"","url":"https:\/\/www.jkos.cz\/author\/","identifier":1,"image":{"@type":"ImageObject","@id":"https:\/\/secure.gravatar.com\/avatar\/93f351f97d5e20a41105810347d62b8b573eebe9313df1f71432877ed17f5f1a?s=96&d=mm&r=g","url":"https:\/\/secure.gravatar.com\/avatar\/93f351f97d5e20a41105810347d62b8b573eebe9313df1f71432877ed17f5f1a?s=96&d=mm&r=g","height":96,"width":96}},"publisher":{"@type":"Organization","name":"jkos.cz","logo":{"@type":"ImageObject","@id":"\/logo.png","url":"\/logo.png","width":600,"height":60}},"image":{"@type":"ImageObject","@id":"https:\/\/www.jkos.cz\/wp-content\/uploads\/img_a301421_w1965_t1511469176.jpg","url":"https:\/\/www.jkos.cz\/wp-content\/uploads\/img_a301421_w1965_t1511469176.jpg","height":0,"width":0},"wordCount":510,"keywords":null},{"@type":"Article","@id":"https:\/\/www.jkos.cz\/domaci-mazlicci-podle-znameni-zverokruhu\/","headline":"Dom\u00e1c\u00ed mazl\u00ed\u010dci podle znamen\u00ed zv\u011brokruhu","url":"https:\/\/www.jkos.cz\/domaci-mazlicci-podle-znameni-zverokruhu\/","datePublished":"2025-02-28","dateModified":"2023-05-03","mainEntityOfPage":"https:\/\/www.jkos.cz\/domaci-mazlicci-podle-znameni-zverokruhu\/","author":{"@type":"Person","@id":"https:\/\/www.jkos.cz\/author\/#Person","name":"","url":"https:\/\/www.jkos.cz\/author\/","identifier":1,"image":{"@type":"ImageObject","@id":"https:\/\/secure.gravatar.com\/avatar\/93f351f97d5e20a41105810347d62b8b573eebe9313df1f71432877ed17f5f1a?s=96&d=mm&r=g","url":"https:\/\/secure.gravatar.com\/avatar\/93f351f97d5e20a41105810347d62b8b573eebe9313df1f71432877ed17f5f1a?s=96&d=mm&r=g","height":96,"width":96}},"publisher":{"@type":"Organization","name":"jkos.cz","logo":{"@type":"ImageObject","@id":"\/logo.png","url":"\/logo.png","width":600,"height":60}},"image":{"@type":"ImageObject","@id":"https:\/\/www.jkos.cz\/wp-content\/uploads\/img_a339714_w2683_t1552829443.jpg","url":"https:\/\/www.jkos.cz\/wp-content\/uploads\/img_a339714_w2683_t1552829443.jpg","height":0,"width":0},"wordCount":532,"keywords":null},{"@type":"Article","@id":"https:\/\/www.jkos.cz\/vymahani-pohledavek\/","headline":"Vym\u00e1h\u00e1n\u00ed pohled\u00e1vek","url":"https:\/\/www.jkos.cz\/vymahani-pohledavek\/","datePublished":"2025-02-28","dateModified":"2025-02-28","mainEntityOfPage":"https:\/\/www.jkos.cz\/vymahani-pohledavek\/","author":{"@type":"Person","@id":"https:\/\/www.jkos.cz\/author\/#Person","name":"","url":"https:\/\/www.jkos.cz\/author\/","identifier":1,"image":{"@type":"ImageObject","@id":"https:\/\/secure.gravatar.com\/avatar\/93f351f97d5e20a41105810347d62b8b573eebe9313df1f71432877ed17f5f1a?s=96&d=mm&r=g","url":"https:\/\/secure.gravatar.com\/avatar\/93f351f97d5e20a41105810347d62b8b573eebe9313df1f71432877ed17f5f1a?s=96&d=mm&r=g","height":96,"width":96}},"publisher":{"@type":"Organization","name":"jkos.cz","logo":{"@type":"ImageObject","@id":"\/logo.png","url":"\/logo.png","width":600,"height":60}},"image":null,"wordCount":289,"keywords":null},{"@type":"Article","@id":"https:\/\/www.jkos.cz\/skola-zaklad-zivota\/","headline":"\u0160kola z\u00e1klad \u017eivota","url":"https:\/\/www.jkos.cz\/skola-zaklad-zivota\/","datePublished":"2025-02-27","dateModified":"2023-05-03","mainEntityOfPage":"https:\/\/www.jkos.cz\/skola-zaklad-zivota\/","author":{"@type":"Person","@id":"https:\/\/www.jkos.cz\/author\/#Person","name":"","url":"https:\/\/www.jkos.cz\/author\/","identifier":1,"image":{"@type":"ImageObject","@id":"https:\/\/secure.gravatar.com\/avatar\/93f351f97d5e20a41105810347d62b8b573eebe9313df1f71432877ed17f5f1a?s=96&d=mm&r=g","url":"https:\/\/secure.gravatar.com\/avatar\/93f351f97d5e20a41105810347d62b8b573eebe9313df1f71432877ed17f5f1a?s=96&d=mm&r=g","height":96,"width":96}},"publisher":{"@type":"Organization","name":"jkos.cz","logo":{"@type":"ImageObject","@id":"\/logo.png","url":"\/logo.png","width":600,"height":60}},"image":{"@type":"ImageObject","@id":"https:\/\/www.jkos.cz\/wp-content\/uploads\/img_a299344_w2009_t1509385740.jpg","url":"https:\/\/www.jkos.cz\/wp-content\/uploads\/img_a299344_w2009_t1509385740.jpg","height":0,"width":0},"wordCount":515,"keywords":null},{"@type":"Article","@id":"https:\/\/www.jkos.cz\/exkluzivni-vzhled-lakovanych-dvirek\/","headline":"Exkluzivn\u00ed vzhled lakovan\u00fdch dv\u00ed\u0159ek","url":"https:\/\/www.jkos.cz\/exkluzivni-vzhled-lakovanych-dvirek\/","datePublished":"2025-02-24","dateModified":"2025-02-24","mainEntityOfPage":"https:\/\/www.jkos.cz\/exkluzivni-vzhled-lakovanych-dvirek\/","author":{"@type":"Person","@id":"https:\/\/www.jkos.cz\/author\/#Person","name":"","url":"https:\/\/www.jkos.cz\/author\/","identifier":1,"image":{"@type":"ImageObject","@id":"https:\/\/secure.gravatar.com\/avatar\/93f351f97d5e20a41105810347d62b8b573eebe9313df1f71432877ed17f5f1a?s=96&d=mm&r=g","url":"https:\/\/secure.gravatar.com\/avatar\/93f351f97d5e20a41105810347d62b8b573eebe9313df1f71432877ed17f5f1a?s=96&d=mm&r=g","height":96,"width":96}},"publisher":{"@type":"Organization","name":"jkos.cz","logo":{"@type":"ImageObject","@id":"\/logo.png","url":"\/logo.png","width":600,"height":60}},"image":null,"wordCount":330,"keywords":null},{"@type":"Article","@id":"https:\/\/www.jkos.cz\/sluzby-bytoveho-architekta-z-prahy-pro-kladenaky\/","headline":"Slu\u017eby bytov\u00e9ho architekta z Prahy pro Klade\u0148\u00e1ky","url":"https:\/\/www.jkos.cz\/sluzby-bytoveho-architekta-z-prahy-pro-kladenaky\/","datePublished":"2025-02-17","dateModified":"2025-02-17","mainEntityOfPage":"https:\/\/www.jkos.cz\/sluzby-bytoveho-architekta-z-prahy-pro-kladenaky\/","author":{"@type":"Person","@id":"https:\/\/www.jkos.cz\/author\/#Person","name":"","url":"https:\/\/www.jkos.cz\/author\/","identifier":1,"image":{"@type":"ImageObject","@id":"https:\/\/secure.gravatar.com\/avatar\/93f351f97d5e20a41105810347d62b8b573eebe9313df1f71432877ed17f5f1a?s=96&d=mm&r=g","url":"https:\/\/secure.gravatar.com\/avatar\/93f351f97d5e20a41105810347d62b8b573eebe9313df1f71432877ed17f5f1a?s=96&d=mm&r=g","height":96,"width":96}},"publisher":{"@type":"Organization","name":"jkos.cz","logo":{"@type":"ImageObject","@id":"\/logo.png","url":"\/logo.png","width":600,"height":60}},"image":{"@type":"ImageObject","@id":"https:\/\/www.jkos.cz\/wp-content\/uploads\/apartment-2094666_640_8.jpg","url":"https:\/\/www.jkos.cz\/wp-content\/uploads\/apartment-2094666_640_8.jpg","height":0,"width":0},"wordCount":517,"keywords":null},{"@type":"Article","@id":"https:\/\/www.jkos.cz\/sidlo-firmy-v-blizkosti-prazskeho-centra\/","headline":"S\u00eddlo firmy v bl\u00edzkosti pra\u017esk\u00e9ho centra","url":"https:\/\/www.jkos.cz\/sidlo-firmy-v-blizkosti-prazskeho-centra\/","datePublished":"2025-02-16","dateModified":"2025-02-16","mainEntityOfPage":"https:\/\/www.jkos.cz\/sidlo-firmy-v-blizkosti-prazskeho-centra\/","author":{"@type":"Person","@id":"https:\/\/www.jkos.cz\/author\/#Person","name":"","url":"https:\/\/www.jkos.cz\/author\/","identifier":1,"image":{"@type":"ImageObject","@id":"https:\/\/secure.gravatar.com\/avatar\/93f351f97d5e20a41105810347d62b8b573eebe9313df1f71432877ed17f5f1a?s=96&d=mm&r=g","url":"https:\/\/secure.gravatar.com\/avatar\/93f351f97d5e20a41105810347d62b8b573eebe9313df1f71432877ed17f5f1a?s=96&d=mm&r=g","height":96,"width":96}},"publisher":{"@type":"Organization","name":"jkos.cz","logo":{"@type":"ImageObject","@id":"\/logo.png","url":"\/logo.png","width":600,"height":60}},"image":null,"wordCount":219,"keywords":null}]},{"@context":"https:\/\/schema.org","@type":"WebSite","@id":"https:\/\/www.jkos.cz\/#website","name":"Jkos","url":"https:\/\/www.jkos.cz","potentialAction":{"@type":"SearchAction","target":"https:\/\/www.jkos.cz\/?s={search_term_string}","query-input":"required name=search_term_string"}}]