[{"@context":"https:\/\/schema.org\/","@type":"Article","@id":"https:\/\/www.jkos.cz\/proc-lide-bydli-v-podzemi\/#Article","mainEntityOfPage":"https:\/\/www.jkos.cz\/proc-lide-bydli-v-podzemi\/","headline":"Pro\u010d lid\u00e9 bydl\u00ed v podzem\u00ed?","name":"Pro\u010d lid\u00e9 bydl\u00ed v podzem\u00ed?","description":"Podzem\u00ed nen\u00ed dobr\u00e9 jen pro hmyz, ale n\u011bkdy ho vyhled\u00e1vaj\u00ed i lid\u00e9. Bu\u010f jsou to","datePublished":"2023-05-03","dateModified":"2023-05-03","author":{"@type":"Person","@id":"https:\/\/www.jkos.cz\/author\/#Person","name":"","url":"https:\/\/www.jkos.cz\/author\/","identifier":1,"image":{"@type":"ImageObject","@id":"https:\/\/secure.gravatar.com\/avatar\/93f351f97d5e20a41105810347d62b8b573eebe9313df1f71432877ed17f5f1a?s=96&d=mm&r=g","url":"https:\/\/secure.gravatar.com\/avatar\/93f351f97d5e20a41105810347d62b8b573eebe9313df1f71432877ed17f5f1a?s=96&d=mm&r=g","height":96,"width":96}},"publisher":{"@type":"Organization","name":"jkos.cz","logo":{"@type":"ImageObject","@id":"\/logo.png","url":"\/logo.png","width":600,"height":60}},"url":"https:\/\/www.jkos.cz\/proc-lide-bydli-v-podzemi\/","wordCount":432,"articleBody":"Podzem\u00ed nen\u00ed dobr\u00e9 jen pro hmyz, ale n\u011bkdy ho vyhled\u00e1vaj\u00ed i lid\u00e9. Bu\u010f jsou to lid\u00e9 bet domova nebo se k\u00a0tomuto kroku uchyluj\u00ed kv\u016fli pov\u011btrnostn\u00edm vliv\u016fm nebo je to prost\u011b jejich rozmar nebo p\u0159\u00e1n\u00ed. A\u0165 u\u017e je to tak, \u010di onak, za mne zasluhuj\u00ed respekt.Nap\u0159\u00edklad v\u00a0Americe maj\u00ed lid\u00e9 bez domova velmi mnoho takov\u00fdch \u00fakryt\u016f. Ony to vlastn\u011b nejsou \u00fakryty, je to jejich domov, kter\u00fd by za nic na sv\u011bt\u011b nevym\u011bnili. Pro\u010d takhle kon\u010d\u00ed? Nejsou schopni spl\u00e1cet hypot\u00e9ku, rozpadla se jim rodina, jsou po v\u00fdkonu trestu a rodinu nemaj\u00ed. D\u016fvod\u016f m\u016f\u017ee b\u00fdt mnoho, ka\u017edop\u00e1dn\u011b je to velmi krut\u00e1 realita.\t\tLuxusn\u00ed bydlen\u00ed v podzem\u00edJsou ale tac\u00ed, kte\u0159\u00ed pod zem\u00ed bydl\u00ed dobrovoln\u011b, r\u00e1di, a nav\u00edc velmi luxusn\u011b. M\u00e1 to nesporn\u011b mnoho v\u00fdhod. Tak nap\u0159\u00edklad takov\u00e9 zateplen\u00ed m\u00e1te vy\u0159e\u0161en\u00e9. Slovo hluk v\u00e1s nemus\u00ed zaj\u00edmat. Led takov\u00fd, kter\u00fd si ud\u011bl\u00e1te sami. Co je ale jasn\u00e9, takov\u00e9 bydlen\u00ed si m\u016f\u017ee dovolit jen ten, kdo m\u00e1 dostatek pen\u011bz. Poj\u010fme ale na dal\u0161\u00ed v\u00fdhody.\u00a0Dal\u0161\u00ed a nemalou toti\u017e je, \u017ee n\u00e1m m\u016f\u017ee b\u00fdt \u00fapln\u011b jedno, jestli venku siln\u011b fouk\u00e1.Pov\u011btrnostn\u00ed vlivy n\u00e1s nemusej\u00ed moc zaj\u00edmat, proto\u017ee prost\u011b nejsme nad zem\u00ed. Co se t\u00fd\u010de tepla, ji\u017e jsme zm\u00ednili, \u017ee nemus\u00edme \u0159e\u0161it zateplen\u00ed, ale je pot\u0159eba tak\u00e9 \u0159\u00edci, \u017ee t\u00edmto stylem bydlen\u00ed u\u0161et\u0159\u00edme a\u017e sedmdes\u00e1t procent energi\u00ed.Skv\u011bl\u00e9 tak\u00e9 je, \u017ee cel\u00e1 va\u0161e st\u0159echa nad domem m\u016f\u017ee b\u00fdt porostl\u00e1 tr\u00e1vou a kyti\u010dkami. Na jedn\u00e9 plo\u0161e pozemku tak m\u00e1te nejenom d\u016fm, ale tak\u00e9 zahradu. A to se ur\u010dit\u011b vyplat\u00ed.Domy se tak\u00e9 mohou kombinovat. Mysl\u00edm tedy tak, \u017ee lo\u017enici \u201epotop\u00edme\u201c pod zem a ob\u00fdv\u00e1k a kuchy\u0148 nech\u00e1me nad zem\u00ed. V\u00a0lo\u017enic\u00edch n\u00e1m absence sv\u011btla nevad\u00ed a naho\u0159e ho m\u00e1me dostatek. I kdy\u017e je ale d\u016fm cel\u00fd pod zem\u00ed, je dobr\u00e9 m\u00edt alespo\u0148 jednu st\u011bnu vid\u011bt, aby n\u00e1m p\u0159ij\u00edmala denn\u00ed sv\u011btlo. Pokud ji nech\u00e1te celou prosklenou, bude to ide\u00e1ln\u00ed.Mo\u017en\u00e1 jste te\u010f za\u010dali v\u00e1\u017en\u011b p\u0159em\u00fd\u0161let o bydlen\u00ed pod zem\u00ed. Vy, kdo m\u00e1te hodn\u011b pen\u011bz, nebo hled\u00e1te n\u011bjak\u00fd zaj\u00edmav\u00fd a neot\u0159el\u00fd podnikatelsk\u00fd z\u00e1m\u011br, t\u0159eba by to mohl b\u00fdt pr\u00e1v\u011b tenhle.                                                                                                                                                                                                                                                                                                                                                                                        4\/5 - (12 votes)        "},{"@context":"https:\/\/schema.org\/","@type":"BreadcrumbList","itemListElement":[{"@type":"ListItem","position":1,"name":"Pro\u010d lid\u00e9 bydl\u00ed v podzem\u00ed?","item":"https:\/\/www.jkos.cz\/proc-lide-bydli-v-podzemi\/#breadcrumbitem"}]}]