[{"@context":"https:\/\/schema.org\/","@type":"Article","@id":"https:\/\/www.jkos.cz\/profesionalita\/#Article","mainEntityOfPage":"https:\/\/www.jkos.cz\/profesionalita\/","headline":"Profesionalita","name":"Profesionalita","description":"Chyst\u00e1te se z\u00edskat \u0159idi\u010dsk\u00e9 opr\u00e1vn\u011bn\u00ed? Je jedno jestli chcete m\u00edt pr\u016fkaz na automobil nebo motocykl,","datePublished":"2024-11-22","dateModified":"2024-11-22","author":{"@type":"Person","@id":"https:\/\/www.jkos.cz\/author\/#Person","name":"","url":"https:\/\/www.jkos.cz\/author\/","identifier":1,"image":{"@type":"ImageObject","@id":"https:\/\/secure.gravatar.com\/avatar\/93f351f97d5e20a41105810347d62b8b573eebe9313df1f71432877ed17f5f1a?s=96&d=mm&r=g","url":"https:\/\/secure.gravatar.com\/avatar\/93f351f97d5e20a41105810347d62b8b573eebe9313df1f71432877ed17f5f1a?s=96&d=mm&r=g","height":96,"width":96}},"publisher":{"@type":"Organization","name":"jkos.cz","logo":{"@type":"ImageObject","@id":"\/logo.png","url":"\/logo.png","width":600,"height":60}},"url":"https:\/\/www.jkos.cz\/profesionalita\/","wordCount":173,"articleBody":"Chyst\u00e1te se z\u00edskat \u0159idi\u010dsk\u00e9 opr\u00e1vn\u011bn\u00ed? Je jedno jestli chcete m\u00edt pr\u016fkaz na automobil nebo motocykl, na\u0161e auto\u0161kola poskytuje v\u0161echny dostupn\u00e9 slu\u017eby. Nov\u00e9 \u0159idi\u010de vychov\u00e1v\u00e1me u\u017e od roku 1991 a za tu dobu jsme se setkali snad se v\u0161\u00edm a jsme tud\u00ed\u017e p\u0159ipraveni na jak\u00fdkoliv probl\u00e9m. Zam\u011bstn\u00e1v\u00e1me pouze profesion\u00e1ly s mnoha zku\u0161enostmi a trp\u011blivost\u00ed. Uv\u011bdomujeme si, \u017ee ka\u017ed\u00fd za\u010d\u00e1tek je t\u011b\u017ek\u00fd a proto V\u00e1m poskytneme ve\u0161kerou podporu.\tV\u0161echny skupinyAuto\u0161kolaViktor Bruck &#8211; Felicitaa V\u00e1m nab\u00edz\u00ed mo\u017enost z\u00edsk\u00e1n\u00ed \u0159idi\u010dsk\u00e9ho pr\u016fkazu na v\u0161echny skupiny vozidel. Pokud jste o \u0159idi\u010dsk\u00e9 opr\u00e1vn\u011bn\u00ed p\u0159i\u0161li, m\u016f\u017eete se u n\u00e1s nechat p\u0159ezkou\u0161et a tak\u00e9 V\u00e1m za\u0159\u00edd\u00edme psychologick\u00e9 testy. U n\u00e1s m\u016f\u017eete z\u00edskat tak\u00e9 profesn\u00ed pr\u016fkaz a prov\u00e1d\u00edme \u0161kolen\u00ed \u0159idi\u010d\u016f vozidel do 3,5 tuny.                                                                                                                                                                                                                                                                                                                                                                                        3\/5 - (2 votes)        "},{"@context":"https:\/\/schema.org\/","@type":"BreadcrumbList","itemListElement":[{"@type":"ListItem","position":1,"name":"Profesionalita","item":"https:\/\/www.jkos.cz\/profesionalita\/#breadcrumbitem"}]}]