[{"@context":"https:\/\/schema.org\/","@type":"Article","@id":"https:\/\/www.jkos.cz\/respiracni-choroby-se-zase-vrati\/#Article","mainEntityOfPage":"https:\/\/www.jkos.cz\/respiracni-choroby-se-zase-vrati\/","headline":"Respira\u010dn\u00ed choroby se zase vr\u00e1t\u00ed","name":"Respira\u010dn\u00ed choroby se zase vr\u00e1t\u00ed","description":"Ka\u017ed\u00fd podzim za\u010d\u00ednaj\u00ed \u0159\u00e1dit respira\u010dn\u00ed nemoci, kter\u00e9 se mezi lidmi dr\u017e\u00ed a\u017e do jara. Letos","datePublished":"2025-06-02","dateModified":"2025-06-02","author":{"@type":"Person","@id":"https:\/\/www.jkos.cz\/author\/#Person","name":"","url":"https:\/\/www.jkos.cz\/author\/","identifier":1,"image":{"@type":"ImageObject","@id":"https:\/\/secure.gravatar.com\/avatar\/93f351f97d5e20a41105810347d62b8b573eebe9313df1f71432877ed17f5f1a?s=96&d=mm&r=g","url":"https:\/\/secure.gravatar.com\/avatar\/93f351f97d5e20a41105810347d62b8b573eebe9313df1f71432877ed17f5f1a?s=96&d=mm&r=g","height":96,"width":96}},"publisher":{"@type":"Organization","name":"jkos.cz","logo":{"@type":"ImageObject","@id":"\/logo.png","url":"\/logo.png","width":600,"height":60}},"image":{"@type":"ImageObject","@id":"https:\/\/www.jkos.cz\/wp-content\/uploads\/antigen-6939139_640_10_10_10_5.jpg","url":"https:\/\/www.jkos.cz\/wp-content\/uploads\/antigen-6939139_640_10_10_10_5.jpg","height":0,"width":0},"url":"https:\/\/www.jkos.cz\/respiracni-choroby-se-zase-vrati\/","about":["Zbo\u017e\u00ed"],"wordCount":401,"articleBody":"         Ka\u017ed\u00fd podzim za\u010d\u00ednaj\u00ed \u0159\u00e1dit respira\u010dn\u00ed nemoci, kter\u00e9 se mezi lidmi dr\u017e\u00ed a\u017e do jara. Letos byla situace extr\u00e9mn\u00ed, a nemoci tu byly a\u017e do za\u010d\u00e1tku l\u00e9ta. Mnoho lid\u00ed dokonce bylo nachlazen\u00fdch i na za\u010d\u00e1tku l\u00e9ta, co\u017e je velmi neobvykl\u00e9. Vyhnout se onemocn\u011bn\u00ed je mo\u017en\u00e9 jen d\u00edky velmi dobr\u00e9 imunit\u011b, ale nez\u00e1le\u017e\u00ed jen na imunit\u011b jednotlivce, ale i na imunit\u011b kolektivu. A vzhledem k tomu, \u017ee spousta lid\u00ed poru\u0161uje karant\u00e9nu a chod\u00ed do pr\u00e1ce i nemocn\u00ed, dost\u00e1v\u00e1 kolektivn\u00ed imunita p\u011bkn\u011b na frak. Nen\u00ed v\u00fdjimkou, \u017ee rodi\u010de pos\u00edlaj\u00ed mal\u00e9 d\u011bti do \u0161kolky a do \u0161koly, proto\u017ee pot\u0159ebuj\u00ed chodit do pr\u00e1ce, ale pr\u00e1v\u011b kv\u016fli tomu se nemoci po\u0159\u00e1d to\u010d\u00ed dokola.N\u011bkter\u00e9 nemoci je mo\u017en\u00e9 l\u00e9\u010dit pom\u011brn\u011b snadno, ale i takov\u00e1 r\u00fdma m\u016f\u017ee po\u0159\u00e1dn\u011b potr\u00e1pit nejen star\u0161\u00ed nebo d\u011bti, ale i jinak zdrav\u00e9 dosp\u011bl\u00e9 lidi. Zrovna r\u00fdmy je n\u011bkolik kmen\u016f, a je mo\u017en\u00e9 chytit dokonce v\u0161echny postupn\u011b. N\u011bkter\u00e9 druhy zp\u016fsobuj\u00ed ucpan\u00e9 dutiny, kv\u016fli \u010demu\u017e pacienti nemohou d\u00fdchat. A pak se \u0159ekne, \u017ee m\u00e1 n\u011bkdo jen r\u00fdmi\u010dku\u2026Mezi nebezpe\u010dn\u011bj\u0161\u00ed nemoci pat\u0159\u00ed covid. Pro\u010d je tomu tak? Proto\u017ee m\u016f\u017ee m\u00edt r\u016fzn\u00e9 p\u0159\u00edznaky, ale taky \u017e\u00e1dn\u00e9. Nemus\u00ed se v\u016fbec projevit jako nemoc. B\u00fdv\u00e1 velmi podobn\u00fd klasick\u00e9 ch\u0159ipce, kv\u016fli \u010demu\u017e se d\u00e1 covid spl\u00e9st s dal\u0161\u00edmi respira\u010dn\u00edmi nemocemi. A pr\u00e1v\u011b u t\u011bchto nemoc\u00ed je d\u016fle\u017eit\u00e1 v\u010dasn\u00e1 diagnostika, a to nejen z d\u016fvodu nasazen\u00ed vhodn\u00e9 l\u00e9\u010dby, ale i z d\u016fvodu sn\u00ed\u017een\u00ed p\u0159enosu nemoci. Jist\u011b si v\u0161ichni pamatuji na situaci, kter\u00e1 tu panovala b\u011bhem pandemie. Aby se podobn\u00e1 situace neopakovala, je pot\u0159eba v\u010das detekovat koronavirus v t\u011ble. A k tomu skv\u011ble slou\u017e\u00ed antigenn\u00ed testy. Jejich pou\u017e\u00edv\u00e1n\u00ed je doporu\u010dov\u00e1no i nyn\u00ed, proto\u017ee pr\u00e1v\u011b d\u00edky t\u011bmto test\u016fm je mo\u017en\u00e9 ur\u010dit, zda m\u00e1te covid a nebo jinou nemoc. Spol\u00e9hat se jen na projevy p\u0159\u00edznak\u016f nen\u00ed dobr\u00e9, proto\u017ee covid se nemus\u00ed projevit jako nemoc v\u016fbec, a p\u0159esto ho m\u016f\u017ee chytit cel\u00e1 \u0159ada dal\u0161\u00edch lid\u00ed.                                                                                                                                                                                                                                                                                                                                                                                          4.1\/5 - (7 votes)        "},{"@context":"https:\/\/schema.org\/","@type":"BreadcrumbList","itemListElement":[{"@type":"ListItem","position":1,"name":"Respira\u010dn\u00ed choroby se zase vr\u00e1t\u00ed","item":"https:\/\/www.jkos.cz\/respiracni-choroby-se-zase-vrati\/#breadcrumbitem"}]}]