[{"@context":"https:\/\/schema.org\/","@type":"Article","@id":"https:\/\/www.jkos.cz\/sluzby-bytoveho-architekta-z-prahy-pro-kladenaky\/#Article","mainEntityOfPage":"https:\/\/www.jkos.cz\/sluzby-bytoveho-architekta-z-prahy-pro-kladenaky\/","headline":"Slu\u017eby bytov\u00e9ho architekta z Prahy pro Klade\u0148\u00e1ky","name":"Slu\u017eby bytov\u00e9ho architekta z Prahy pro Klade\u0148\u00e1ky","description":"Bydl\u00edte v Kladn\u011b, nap\u0159\u00edklad na Bresson\u011b, kter\u00fd je obklopen lesn\u00edm porostem P\u0159\u00edrodn\u00edho parku D\u017eb\u00e1n, a","datePublished":"2025-02-17","dateModified":"2025-02-17","author":{"@type":"Person","@id":"https:\/\/www.jkos.cz\/author\/#Person","name":"","url":"https:\/\/www.jkos.cz\/author\/","identifier":1,"image":{"@type":"ImageObject","@id":"https:\/\/secure.gravatar.com\/avatar\/93f351f97d5e20a41105810347d62b8b573eebe9313df1f71432877ed17f5f1a?s=96&d=mm&r=g","url":"https:\/\/secure.gravatar.com\/avatar\/93f351f97d5e20a41105810347d62b8b573eebe9313df1f71432877ed17f5f1a?s=96&d=mm&r=g","height":96,"width":96}},"publisher":{"@type":"Organization","name":"jkos.cz","logo":{"@type":"ImageObject","@id":"\/logo.png","url":"\/logo.png","width":600,"height":60}},"image":{"@type":"ImageObject","@id":"https:\/\/www.jkos.cz\/wp-content\/uploads\/apartment-2094666_640_8.jpg","url":"https:\/\/www.jkos.cz\/wp-content\/uploads\/apartment-2094666_640_8.jpg","height":0,"width":0},"url":"https:\/\/www.jkos.cz\/sluzby-bytoveho-architekta-z-prahy-pro-kladenaky\/","about":["D\u016fm a zahrada"],"wordCount":425,"articleBody":"   Bydl\u00edte v Kladn\u011b, nap\u0159\u00edklad na Bresson\u011b, kter\u00fd je obklopen lesn\u00edm porostem P\u0159\u00edrodn\u00edho parku D\u017eb\u00e1n, a velmi si v\u00e1\u017e\u00edte tamn\u00edho m\u00edsta, je\u017e je vhodn\u00e9 jak pro b\u011b\u017en\u00e9 bydlen\u00ed, tak i pro rekreaci? M\u00e1te t\u00edm p\u00e1dem rodinn\u00fd d\u016fm i rekrea\u010dn\u00ed chatu v jednom? Pak v\u00e1m samoz\u0159ejm\u011b gratulujeme a r\u00e1di bychom v\u00e1m p\u0159ipomn\u011bli, \u017ee jestli\u017ee chcete m\u00edt radost i z va\u0161eho bytov\u00e9ho interi\u00e9ru, lze vyu\u017e\u00edt slu\u017eeb bytov\u00e9ho architekta z Prahy. Mohl by v\u00e1m b\u00fdt n\u00e1pomocn\u00fd v n\u011bkter\u00fdch z\u00e1le\u017eitostech, co mohou mnoh\u00e9 z n\u00e1s p\u011bkn\u011b potr\u00e1pit.\u0160oupete s n\u00e1bytkem a po\u0159\u00e1d nic \u2013 tak\u00e9 se v\u00e1m n\u011bkdy stalo, \u017ee jste se rozhodli kone\u010dn\u011b zm\u011bnit koncepci rozm\u00edst\u011bn\u00ed va\u0161eho n\u00e1bytku a n\u011bkolik hodin jste s n\u00edm posouvali sem a tam, a st\u00e1le to nem\u011blo ten k\u00fd\u017een\u00fd efekt? Po\u0159\u00e1d tomu n\u011bco sch\u00e1zelo a u\u017e jste z toho byli tak unaven\u00ed, \u017ee jste nakonec rezignovali? Bytov\u00e1 architekti v\u00e1m mohou poradit, jak obytn\u00fd prostor z\u00fatulnit a z\u00e1rove\u0148 zlep\u0161it jeho praktick\u00e9 vyu\u017eit\u00ed, n\u011bkdy sta\u010d\u00ed mal\u00fd trik a jde to. Architekti m\u00edvaj\u00ed pro takov\u00e9 situace cit a hlavn\u011b \u0159adu osobn\u00edch zku\u0161enost\u00ed.Jak kombinovat barvy \u2013 mo\u017en\u00e1 byste nev\u011b\u0159ili, jak velkou moc maj\u00ed v na\u0161em \u017eivot\u011b, tedy i v bytov\u00e9m interi\u00e9ru barvy. Leckdy dovedou nab\u00edjet energi\u00ed a poskytnou mnohem lep\u0161\u00ed z\u00e1zem\u00ed pro regeneraci organismu a boj proti chronick\u00e9mu stresu. Architekt by v\u00e1m mohl poradit, jak barvy navz\u00e1jem kombinovat a ladit je k sob\u011b, aby to m\u011blo v\u00fdrazn\u00fd efekt. Kouzlen\u00ed s barvami by v\u00e1s mohlo bavit a t\u0159eba zjist\u00edte, \u017ee v\u00e1\u0161 st\u00e1vaj\u00edc\u00ed ponur\u00fd n\u00e1bytek v\u00e1m nebude vyhovovat a nahrad\u00edte jej jin\u00fdm, koncep\u010dn\u011b lep\u0161\u00edm, co se t\u00fd\u010de barevn\u00e9ho \u0159e\u0161en\u00ed.M\u00e1lo je n\u011bkdy v\u00edc \u2013 na\u010d m\u00edt z ob\u00fdv\u00e1ku \u010di z lo\u017enice skladi\u0161t\u011b v\u011bc\u00ed, kdy\u017e v\u00e1m na to sta\u010d\u00ed jedna vestav\u011bn\u00e1 sk\u0159\u00ed\u0148 v p\u0159eds\u00edni? Vzdu\u0161n\u011bj\u0161\u00ed obytn\u00e9 prostory poskytuj\u00ed v\u00edce prostoru pro p\u0159\u00edjemn\u00fd pobyt a nebudete se v takov\u00e9m prost\u0159ed\u00ed c\u00edtit st\u00edsn\u011bn\u011b. I toto m\u016f\u017ee b\u00fdt t\u00e9ma pro v\u00e1\u0161 rozhovor s bytov\u00fdm architektem.                                                                                                                                                                                                                                                                                                                                                                                          4.8\/5 - (10 votes)        "},{"@context":"https:\/\/schema.org\/","@type":"BreadcrumbList","itemListElement":[{"@type":"ListItem","position":1,"name":"Slu\u017eby bytov\u00e9ho architekta z Prahy pro Klade\u0148\u00e1ky","item":"https:\/\/www.jkos.cz\/sluzby-bytoveho-architekta-z-prahy-pro-kladenaky\/#breadcrumbitem"}]}]