[{"@context":"https:\/\/schema.org\/","@type":"Article","@id":"https:\/\/www.jkos.cz\/tahne-vas-to-za-sluncem\/#Article","mainEntityOfPage":"https:\/\/www.jkos.cz\/tahne-vas-to-za-sluncem\/","headline":"T\u00e1hne v\u00e1s to za sluncem?","name":"T\u00e1hne v\u00e1s to za sluncem?","description":"Ka\u017ed\u00e1 zem\u011b m\u00e1 n\u011bco do sebe V ka\u017ed\u00e9m st\u00e1t\u011b najdeme n\u011bco hezk\u00e9ho i n\u011bco, co","datePublished":"2023-04-24","dateModified":"2023-04-24","author":{"@type":"Person","@id":"https:\/\/www.jkos.cz\/author\/#Person","name":"","url":"https:\/\/www.jkos.cz\/author\/","identifier":1,"image":{"@type":"ImageObject","@id":"https:\/\/secure.gravatar.com\/avatar\/93f351f97d5e20a41105810347d62b8b573eebe9313df1f71432877ed17f5f1a?s=96&d=mm&r=g","url":"https:\/\/secure.gravatar.com\/avatar\/93f351f97d5e20a41105810347d62b8b573eebe9313df1f71432877ed17f5f1a?s=96&d=mm&r=g","height":96,"width":96}},"publisher":{"@type":"Organization","name":"jkos.cz","logo":{"@type":"ImageObject","@id":"\/logo.png","url":"\/logo.png","width":600,"height":60}},"image":{"@type":"ImageObject","@id":"https:\/\/www.jkos.cz\/wp-content\/uploads\/dubrovnik-512798_640_10_9.jpg","url":"https:\/\/www.jkos.cz\/wp-content\/uploads\/dubrovnik-512798_640_10_9.jpg","height":0,"width":0},"url":"https:\/\/www.jkos.cz\/tahne-vas-to-za-sluncem\/","about":["Web"],"wordCount":421,"articleBody":"   Ka\u017ed\u00e1 zem\u011b m\u00e1 n\u011bco do sebe V ka\u017ed\u00e9m st\u00e1t\u011b najdeme n\u011bco hezk\u00e9ho i n\u011bco, co za moc naopak nestoj\u00ed. Rozhodn\u011b to nen\u00ed tak, \u017ee by n\u011bkde bylo v\u0161echno kr\u00e1sn\u00e9 a n\u011bkde v\u0161echno stoj\u00ed za houby. I p\u0159\u00edmo\u0159sk\u00e9 st\u00e1ty maj\u00ed svoje m\u00ednus, a\u0165 jde o tamn\u00ed politickou situaci, dra\u017e\u0161\u00ed bydlen\u00ed a nebo t\u0159eba nov\u011b vyr\u016fstaj\u00edc\u00ed skl\u00e1dku odpadu kousek od pob\u0159e\u017e\u00ed.Je pot\u0159eba ke ka\u017ed\u00e9mu st\u00e1tu nahl\u00ed\u017eet neutr\u00e1ln\u011b a neidealizovat si ani tamn\u00ed kulturu, a u\u017e v\u016fbec ne tamn\u00ed \u017eivot. Pokud zva\u017eujete zm\u011bnu bydli\u0161t\u011b alespo\u0148 na p\u00e1r m\u011bs\u00edc\u016f v roce, rozhodn\u011b zva\u017ete v\u0161echno co je pot\u0159eba. Velkou p\u00e9\u010di v\u011bnujte zejm\u00e9na bytov\u00e9 ot\u00e1zce, kterou mus\u00edte vy\u0159e\u0161it je\u0161t\u011b p\u0159edt\u00edm, ne\u017e za\u010dnete do vyhled\u00e1va\u010de zad\u00e1vat hesla jako \u201cprodej domu Chorvatsko\u201d.L\u00edb\u00ed se v\u00e1m na Jadranu a jezd\u00edte sem u\u017e cel\u00e1 desetilet\u00ed? Poprv\u00e9 v\u00e1s sem vzali prarodi\u010de a u\u017e od prvn\u00ed n\u00e1v\u0161t\u011bvy Chorvatsko milujete? Nen\u00ed divu, jezd\u00ed sem cel\u00e9 generace \u010cech\u016f. Chorvatsko je bl\u00edzko \u010cesk\u00e9 republice, tak\u017ee se sem dostanete autem za p\u00e1r hodin. Velmi obl\u00edben\u00e1 letoviska b\u00fdvaj\u00ed obsazena ji\u017e m\u011bs\u00edce p\u0159ed zah\u00e1jen\u00edm letn\u00ed sez\u00f3ny tak\u017ee pokud tady chcete tr\u00e1vit dovolenou, je pot\u0159eba si bydlen\u00ed za\u0159\u00eddit v\u010das.N\u011bkte\u0159\u00ed lid\u00e9 miluj\u00ed tuto zemi natolik, \u017ee zva\u017euj\u00ed, \u017ee se sem prost\u011b p\u0159est\u011bhuj\u00ed. Jen\u017ee to nen\u00ed tak snadn\u00e9 jak by se na prvn\u00ed pohled mohlo zd\u00e1t. Je pot\u0159eba si naj\u00edt vhodnou nemovitost a m\u00edt ji \u010d\u00edm zafinancovat. Pokud m\u00e1te dostatek prost\u0159edk\u016f a jste si jist\u00ed \u017ee pr\u00e1v\u011b Chorvatsko je va\u0161e zem\u011b zasl\u00edben\u00e1, nev\u00e1hejte a sjednejte si sch\u016fzku v m\u00edstn\u00ed realitn\u00ed kancel\u00e1\u0159i, kde m\u00e1te zaru\u010den\u00fd kontakt s n\u011bk\u00fdm, kdo um\u00ed \u010desky. Jedin\u011b tak porozum\u00edte v\u0161emu co m\u00e1te ve smlouv\u011b. D\u00edky spr\u00e1vn\u011b sestaven\u00e9 smlouv\u011b m\u016f\u017eete pro\u017e\u00edvat na Jadranu celou dovolenou nap\u0159\u00edklad ve vlastn\u00edm apartm\u00e1nu a po zbytek roku jej m\u016f\u017eete pronaj\u00edmat. A pokud se v\u00e1m tu bude opravdu l\u00edbit, pro\u010d se sem nep\u0159est\u011bhovat nast\u00e1lo? Sv\u016fj nov\u00fd byt kousek od pl\u00e1\u017ee si rychle zamilujete.                                                                                                                                                                                                                                                                                                                                                                                          4.5\/5 - (6 votes)        "},{"@context":"https:\/\/schema.org\/","@type":"BreadcrumbList","itemListElement":[{"@type":"ListItem","position":1,"name":"T\u00e1hne v\u00e1s to za sluncem?","item":"https:\/\/www.jkos.cz\/tahne-vas-to-za-sluncem\/#breadcrumbitem"}]}]