[{"@context":"https:\/\/schema.org\/","@type":"Article","@id":"https:\/\/www.jkos.cz\/u-nas-je-krasne-v-lete-i-v-zime\/#Article","mainEntityOfPage":"https:\/\/www.jkos.cz\/u-nas-je-krasne-v-lete-i-v-zime\/","headline":"U n\u00e1s je kr\u00e1sn\u011b v\u00a0l\u00e9t\u011b i v\u00a0zim\u011b","name":"U n\u00e1s je kr\u00e1sn\u011b v\u00a0l\u00e9t\u011b i v\u00a0zim\u011b","description":"Chcete si odpo\u010dinout v p\u011bkn\u00e9m hotelu uprost\u0159ed kr\u00e1sn\u00e9 p\u0159\u00edrody? Wellness \u0160umava je t\u00edm vhodn\u00fdm hotelem.","datePublished":"2025-05-01","dateModified":"2025-05-01","author":{"@type":"Person","@id":"https:\/\/www.jkos.cz\/author\/#Person","name":"","url":"https:\/\/www.jkos.cz\/author\/","identifier":1,"image":{"@type":"ImageObject","@id":"https:\/\/secure.gravatar.com\/avatar\/93f351f97d5e20a41105810347d62b8b573eebe9313df1f71432877ed17f5f1a?s=96&d=mm&r=g","url":"https:\/\/secure.gravatar.com\/avatar\/93f351f97d5e20a41105810347d62b8b573eebe9313df1f71432877ed17f5f1a?s=96&d=mm&r=g","height":96,"width":96}},"publisher":{"@type":"Organization","name":"jkos.cz","logo":{"@type":"ImageObject","@id":"\/logo.png","url":"\/logo.png","width":600,"height":60}},"url":"https:\/\/www.jkos.cz\/u-nas-je-krasne-v-lete-i-v-zime\/","wordCount":219,"articleBody":"Chcete si odpo\u010dinout v p\u011bkn\u00e9m hotelu uprost\u0159ed kr\u00e1sn\u00e9 p\u0159\u00edrody? Wellness \u0160umava je t\u00edm vhodn\u00fdm hotelem. Okolo n\u00e1s je mnoho turistick\u00fdch m\u00edst, kter\u00e1 m\u016f\u017eete nav\u0161t\u00edvit, pokud se zrovna nebudete v\u011bnovat \u017e\u00e1dn\u00e9 procedu\u0159e. Vy\u017e\u00edt se m\u016f\u017eete i v hotelu, sou\u010d\u00e1st\u00ed hotelu je p\u0159\u00edjemn\u00e1 restaurace, kde si m\u016f\u017eete d\u00e1t dobr\u00e9 j\u00eddlo a pit\u00ed.Wellness \u0160umava pro v\u00e1s nachystal mnoho mo\u017enost\u00ed, jak si skv\u011ble odpo\u010dinout a u\u017e\u00edt z\u00e1bavu i s celou va\u0161\u00ed rodinou. Krom\u011b v\u00fdlet\u016f po okol\u00ed si m\u016f\u017eete u\u017e\u00edvat hotelov\u00e9 sauny nebo baz\u00e9nu. V p\u0159\u00edpad\u011b, \u017ee si budete cht\u00edt dop\u0159\u00e1t mas\u00e1\u017e nebo t\u0159eba lymfodren\u00e1\u017e, m\u016f\u017eeme pohl\u00eddat va\u0161e d\u011bti po celou dobu va\u0161\u00ed nep\u0159\u00edtomnosti. Pro tyto p\u0159\u00edpady s n\u00e1mi spolupracuje pedago\u017eka, kter\u00e1 m\u00e1 pro va\u0161e d\u011bti p\u0159ipraven\u00fd bohat\u00fd program. Na na\u0161em webu najdete v\u0161echny podstatn\u00e9 informace ohledn\u011b cen pobytu, vybaven\u00ed hotelu, okoln\u00edch m\u00edst a stravov\u00e1n\u00ed. Wellness \u0160umava v\u00e1m pom\u016f\u017ee z\u00edskat zp\u011bt \u00fasm\u011bv na rtech.Ka\u017ed\u00fd si u n\u00e1s vybere sv\u016fj odpo\u010dinekP\u0159ije\u010fte k n\u00e1m odpo\u010d\u00edvat i vy.                                                                                                                                                                                                                                                                                                                                                                                                "},{"@context":"https:\/\/schema.org\/","@type":"BreadcrumbList","itemListElement":[{"@type":"ListItem","position":1,"name":"U n\u00e1s je kr\u00e1sn\u011b v\u00a0l\u00e9t\u011b i v\u00a0zim\u011b","item":"https:\/\/www.jkos.cz\/u-nas-je-krasne-v-lete-i-v-zime\/#breadcrumbitem"}]}]